{"id":3134,"date":"2025-09-12T14:48:34","date_gmt":"2025-09-12T17:48:34","guid":{"rendered":"https:\/\/www.urbanotextil.com.br\/?p=3134"},"modified":"2025-09-12T14:57:48","modified_gmt":"2025-09-12T17:57:48","slug":"n-marinho-trends-uma-imersao-nas-tendencias-do-verao-27","status":"publish","type":"post","link":"https:\/\/www.urbanotextil.com.br\/es\/n-marinho-trends-uma-imersao-nas-tendencias-do-verao-27\/","title":{"rendered":"N.Marinho Trends: Uma Imers\u00e3o nas Tend\u00eancias do Ver\u00e3o 27"},"content":{"rendered":"<p>Participar do N.Marinho Trends foi mais do que uma simples presen\u00e7a em um evento \u2014 foi uma verdadeira jornada de aprendizado, conex\u00e3o e inspira\u00e7\u00e3o. Durante esses dias intensos, mergulhamos de cabe\u00e7a nas tend\u00eancias que v\u00e3o dominar o ver\u00e3o 27, trocamos experi\u00eancias com profissionais brilhantes e refor\u00e7amos nosso compromisso com a inova\u00e7\u00e3o no setor t\u00eaxtil.<\/p>\n<p>Estar entre tantas marcas vision\u00e1rias e ideias criativas nos impulsiona a continuar evoluindo. Cada conversa, cada insight e cada nova parceria nos motiva a oferecer o melhor em malhas para nossos clientes \u2014 com qualidade, estilo e prop\u00f3sito.<\/p>\n<p>O N.Marinho Trends n\u00e3o foi apenas uma vitrine de novidades, mas tamb\u00e9m um espa\u00e7o de fortalecimento de rela\u00e7\u00f5es e de constru\u00e7\u00e3o de um futuro mais conectado com as demandas do mercado e os desejos dos consumidores.<\/p>\n<p>Agradecemos imensamente a todos que fizeram parte desse momento especial.\u00a0 Que venham novas edi\u00e7\u00f5es, novas ideias e muitos ver\u00f5es repletos de cor, textura e inova\u00e7\u00e3o!<\/p>\n\n\t\t<style>\n\t\t\t#gallery-1 {\n\t\t\t\tmargin: auto;\n\t\t\t}\n\t\t\t#gallery-1 .gallery-item {\n\t\t\t\tfloat: left;\n\t\t\t\tmargin-top: 10px;\n\t\t\t\ttext-align: center;\n\t\t\t\twidth: 33%;\n\t\t\t}\n\t\t\t#gallery-1 img {\n\t\t\t\tborder: 2px solid #cfcfcf;\n\t\t\t}\n\t\t\t#gallery-1 .gallery-caption {\n\t\t\t\tmargin-left: 0;\n\t\t\t}\n\t\t\t\/* see gallery_shortcode() in wp-includes\/media.php *\/\n\t\t<\/style>\n\t\t<div id='gallery-1' class='gallery galleryid-3134 gallery-columns-3 gallery-size-thumbnail'><dl class='gallery-item'>\n\t\t\t<dt class='gallery-icon portrait'>\n\t\t\t\t<a href='https:\/\/www.urbanotextil.com.br\/es\/n-marinho-trends-uma-imersao-nas-tendencias-do-verao-27\/3-2\/'><img decoding=\"async\" width=\"150\" height=\"150\" src=\"https:\/\/www.urbanotextil.com.br\/wp-content\/uploads\/2025\/09\/3-150x150.png\" class=\"attachment-thumbnail size-thumbnail\" alt=\"\" \/><\/a>\n\t\t\t<\/dt><\/dl><dl class='gallery-item'>\n\t\t\t<dt class='gallery-icon portrait'>\n\t\t\t\t<a href='https:\/\/www.urbanotextil.com.br\/es\/n-marinho-trends-uma-imersao-nas-tendencias-do-verao-27\/2-2\/'><img decoding=\"async\" width=\"150\" height=\"150\" src=\"https:\/\/www.urbanotextil.com.br\/wp-content\/uploads\/2025\/09\/2-150x150.png\" class=\"attachment-thumbnail size-thumbnail\" alt=\"\" \/><\/a>\n\t\t\t<\/dt><\/dl><dl class='gallery-item'>\n\t\t\t<dt class='gallery-icon portrait'>\n\t\t\t\t<a href='https:\/\/www.urbanotextil.com.br\/es\/n-marinho-trends-uma-imersao-nas-tendencias-do-verao-27\/4-2\/'><img decoding=\"async\" width=\"150\" height=\"150\" src=\"https:\/\/www.urbanotextil.com.br\/wp-content\/uploads\/2025\/09\/4-150x150.png\" class=\"attachment-thumbnail size-thumbnail\" alt=\"\" \/><\/a>\n\t\t\t<\/dt><\/dl><br style=\"clear: both\" \/><dl class='gallery-item'>\n\t\t\t<dt class='gallery-icon portrait'>\n\t\t\t\t<a href='https:\/\/www.urbanotextil.com.br\/es\/n-marinho-trends-uma-imersao-nas-tendencias-do-verao-27\/attachment\/5\/'><img loading=\"lazy\" decoding=\"async\" width=\"150\" height=\"150\" src=\"https:\/\/www.urbanotextil.com.br\/wp-content\/uploads\/2025\/09\/5-150x150.png\" class=\"attachment-thumbnail size-thumbnail\" alt=\"\" \/><\/a>\n\t\t\t<\/dt><\/dl><dl class='gallery-item'>\n\t\t\t<dt class='gallery-icon portrait'>\n\t\t\t\t<a href='https:\/\/www.urbanotextil.com.br\/es\/n-marinho-trends-uma-imersao-nas-tendencias-do-verao-27\/attachment\/6\/'><img loading=\"lazy\" decoding=\"async\" width=\"150\" height=\"150\" src=\"https:\/\/www.urbanotextil.com.br\/wp-content\/uploads\/2025\/09\/6-150x150.png\" class=\"attachment-thumbnail size-thumbnail\" alt=\"\" \/><\/a>\n\t\t\t<\/dt><\/dl><dl class='gallery-item'>\n\t\t\t<dt class='gallery-icon portrait'>\n\t\t\t\t<a href='https:\/\/www.urbanotextil.com.br\/es\/n-marinho-trends-uma-imersao-nas-tendencias-do-verao-27\/attachment\/7\/'><img loading=\"lazy\" decoding=\"async\" width=\"150\" height=\"150\" src=\"https:\/\/www.urbanotextil.com.br\/wp-content\/uploads\/2025\/09\/7-150x150.png\" class=\"attachment-thumbnail size-thumbnail\" alt=\"\" \/><\/a>\n\t\t\t<\/dt><\/dl><br style=\"clear: both\" \/><dl class='gallery-item'>\n\t\t\t<dt class='gallery-icon portrait'>\n\t\t\t\t<a href='https:\/\/www.urbanotextil.com.br\/es\/n-marinho-trends-uma-imersao-nas-tendencias-do-verao-27\/attachment\/8\/'><img loading=\"lazy\" decoding=\"async\" width=\"150\" height=\"150\" src=\"https:\/\/www.urbanotextil.com.br\/wp-content\/uploads\/2025\/09\/8-150x150.png\" class=\"attachment-thumbnail size-thumbnail\" alt=\"\" \/><\/a>\n\t\t\t<\/dt><\/dl><dl class='gallery-item'>\n\t\t\t<dt class='gallery-icon portrait'>\n\t\t\t\t<a href='https:\/\/www.urbanotextil.com.br\/es\/n-marinho-trends-uma-imersao-nas-tendencias-do-verao-27\/attachment\/9\/'><img loading=\"lazy\" decoding=\"async\" width=\"150\" height=\"150\" src=\"https:\/\/www.urbanotextil.com.br\/wp-content\/uploads\/2025\/09\/9-150x150.png\" class=\"attachment-thumbnail size-thumbnail\" alt=\"\" \/><\/a>\n\t\t\t<\/dt><\/dl><dl class='gallery-item'>\n\t\t\t<dt class='gallery-icon portrait'>\n\t\t\t\t<a href='https:\/\/www.urbanotextil.com.br\/es\/n-marinho-trends-uma-imersao-nas-tendencias-do-verao-27\/attachment\/10\/'><img loading=\"lazy\" decoding=\"async\" width=\"150\" height=\"150\" src=\"https:\/\/www.urbanotextil.com.br\/wp-content\/uploads\/2025\/09\/10-150x150.png\" class=\"attachment-thumbnail size-thumbnail\" alt=\"\" \/><\/a>\n\t\t\t<\/dt><\/dl><br style=\"clear: both\" \/>\n\t\t<\/div>\n\n<p>&nbsp;<\/p>","protected":false},"excerpt":{"rendered":"<p>Participar do N.Marinho Trends foi mais do que uma simples presen\u00e7a em um evento \u2014 foi uma verdadeira jornada de aprendizado, conex\u00e3o e inspira\u00e7\u00e3o. Durante esses dias intensos, mergulhamos de cabe\u00e7a nas tend\u00eancias que v\u00e3o dominar o ver\u00e3o 27, trocamos experi\u00eancias com profissionais brilhantes e refor\u00e7amos nosso compromisso com a inova\u00e7\u00e3o no setor t\u00eaxtil. Estar [&hellip;]<\/p>\n","protected":false},"author":6,"featured_media":3137,"comment_status":"closed","ping_status":"closed","sticky":false,"template":"","format":"standard","meta":{"_coblocks_attr":"","_coblocks_dimensions":"","_coblocks_responsive_height":"","_coblocks_accordion_ie_support":"","footnotes":""},"categories":[65,1],"tags":[],"wt_blog_author":[],"class_list":["post-3134","post","type-post","status-publish","format-standard","has-post-thumbnail","hentry","category-eventos","category-sem-categoria"],"_links":{"self":[{"href":"https:\/\/www.urbanotextil.com.br\/es\/wp-json\/wp\/v2\/posts\/3134","targetHints":{"allow":["GET"]}}],"collection":[{"href":"https:\/\/www.urbanotextil.com.br\/es\/wp-json\/wp\/v2\/posts"}],"about":[{"href":"https:\/\/www.urbanotextil.com.br\/es\/wp-json\/wp\/v2\/types\/post"}],"author":[{"embeddable":true,"href":"https:\/\/www.urbanotextil.com.br\/es\/wp-json\/wp\/v2\/users\/6"}],"replies":[{"embeddable":true,"href":"https:\/\/www.urbanotextil.com.br\/es\/wp-json\/wp\/v2\/comments?post=3134"}],"version-history":[{"count":1,"href":"https:\/\/www.urbanotextil.com.br\/es\/wp-json\/wp\/v2\/posts\/3134\/revisions"}],"predecessor-version":[{"id":3147,"href":"https:\/\/www.urbanotextil.com.br\/es\/wp-json\/wp\/v2\/posts\/3134\/revisions\/3147"}],"wp:featuredmedia":[{"embeddable":true,"href":"https:\/\/www.urbanotextil.com.br\/es\/wp-json\/wp\/v2\/media\/3137"}],"wp:attachment":[{"href":"https:\/\/www.urbanotextil.com.br\/es\/wp-json\/wp\/v2\/media?parent=3134"}],"wp:term":[{"taxonomy":"category","embeddable":true,"href":"https:\/\/www.urbanotextil.com.br\/es\/wp-json\/wp\/v2\/categories?post=3134"},{"taxonomy":"post_tag","embeddable":true,"href":"https:\/\/www.urbanotextil.com.br\/es\/wp-json\/wp\/v2\/tags?post=3134"},{"taxonomy":"wt_blog_author","embeddable":true,"href":"https:\/\/www.urbanotextil.com.br\/es\/wp-json\/wp\/v2\/wt_blog_author?post=3134"}],"curies":[{"name":"wp","href":"https:\/\/api.w.org\/{rel}","templated":true}]}}