{"id":3176,"date":"2025-09-15T16:23:42","date_gmt":"2025-09-15T19:23:42","guid":{"rendered":"https:\/\/www.urbanotextil.com.br\/?p=3176"},"modified":"2025-09-16T07:53:06","modified_gmt":"2025-09-16T10:53:06","slug":"%f0%9f%8c%bf-aruma-nao-e-apenas-uma-colecao-e-um-manifesto","status":"publish","type":"post","link":"https:\/\/www.urbanotextil.com.br\/en\/%f0%9f%8c%bf-aruma-nao-e-apenas-uma-colecao-e-um-manifesto\/","title":{"rendered":"\ud83c\udf3f Arum\u00e3 n\u00e3o \u00e9 apenas uma cole\u00e7\u00e3o. \u00c9 um manifesto."},"content":{"rendered":"<p>Arum\u00e3 \u2014 A nova cole\u00e7\u00e3o em malha da Urbano T\u00eaxtil para o Ver\u00e3o 27<\/p>\n<p>Na Urbano T\u00eaxtil, cada cole\u00e7\u00e3o nasce com alma. E Arum\u00e3, nossa cole\u00e7\u00e3o de malhas para o Ver\u00e3o 27, \u00e9 um manifesto tecido com prop\u00f3sito, hist\u00f3ria e identidade.<\/p>\n<p>Inspirada na fibra amaz\u00f4nica que lhe d\u00e1 nome, Arum\u00e3 carrega em cada pe\u00e7a a for\u00e7a de quem conhece suas ra\u00edzes e a coragem de quem escolhe seu pr\u00f3prio caminho. S\u00e3o malhas que unem passado e futuro, entrela\u00e7ando cultura, mem\u00f3ria e movimento.<\/p>\n<p>Aqui, falamos de malhas vivas, que respiram, abra\u00e7am e acompanham o corpo em cada gesto. Malhas que contam hist\u00f3rias, que expressam escolhas, que revelam quem somos e quem queremos ser.<\/p>\n<p>Arum\u00e3 \u00e9 para quem acredita.<br \/>\nPara quem faz acontecer.<br \/>\nPara quem carrega na pele e nas decis\u00f5es a beleza de ser inteiro.<\/p>\n<p>Vista-se com significado.<br \/>\nVista-se com verdade.<br \/>\nVista Arum\u00e3.<\/p>\n<p>#Cole\u00e7\u00e3oArum\u00e3 #ModaComAlma #VestirComProp\u00f3sito #Ra\u00edzesQueInspiram #ColecaoVerao27<\/p>","protected":false},"excerpt":{"rendered":"<p>Arum\u00e3 \u2014 A nova cole\u00e7\u00e3o em malha da Urbano T\u00eaxtil para o Ver\u00e3o 27 Na Urbano T\u00eaxtil, cada cole\u00e7\u00e3o nasce com alma. E Arum\u00e3, nossa cole\u00e7\u00e3o de malhas para o Ver\u00e3o 27, \u00e9 um manifesto tecido com prop\u00f3sito, hist\u00f3ria e identidade. Inspirada na fibra amaz\u00f4nica que lhe d\u00e1 nome, Arum\u00e3 carrega em cada pe\u00e7a a [&hellip;]<\/p>\n","protected":false},"author":6,"featured_media":3160,"comment_status":"closed","ping_status":"closed","sticky":false,"template":"","format":"standard","meta":{"_coblocks_attr":"","_coblocks_dimensions":"","_coblocks_responsive_height":"","_coblocks_accordion_ie_support":"","footnotes":""},"categories":[4],"tags":[],"wt_blog_author":[],"class_list":["post-3176","post","type-post","status-publish","format-standard","has-post-thumbnail","hentry","category-colecoes"],"_links":{"self":[{"href":"https:\/\/www.urbanotextil.com.br\/en\/wp-json\/wp\/v2\/posts\/3176","targetHints":{"allow":["GET"]}}],"collection":[{"href":"https:\/\/www.urbanotextil.com.br\/en\/wp-json\/wp\/v2\/posts"}],"about":[{"href":"https:\/\/www.urbanotextil.com.br\/en\/wp-json\/wp\/v2\/types\/post"}],"author":[{"embeddable":true,"href":"https:\/\/www.urbanotextil.com.br\/en\/wp-json\/wp\/v2\/users\/6"}],"replies":[{"embeddable":true,"href":"https:\/\/www.urbanotextil.com.br\/en\/wp-json\/wp\/v2\/comments?post=3176"}],"version-history":[{"count":3,"href":"https:\/\/www.urbanotextil.com.br\/en\/wp-json\/wp\/v2\/posts\/3176\/revisions"}],"predecessor-version":[{"id":3181,"href":"https:\/\/www.urbanotextil.com.br\/en\/wp-json\/wp\/v2\/posts\/3176\/revisions\/3181"}],"wp:featuredmedia":[{"embeddable":true,"href":"https:\/\/www.urbanotextil.com.br\/en\/wp-json\/wp\/v2\/media\/3160"}],"wp:attachment":[{"href":"https:\/\/www.urbanotextil.com.br\/en\/wp-json\/wp\/v2\/media?parent=3176"}],"wp:term":[{"taxonomy":"category","embeddable":true,"href":"https:\/\/www.urbanotextil.com.br\/en\/wp-json\/wp\/v2\/categories?post=3176"},{"taxonomy":"post_tag","embeddable":true,"href":"https:\/\/www.urbanotextil.com.br\/en\/wp-json\/wp\/v2\/tags?post=3176"},{"taxonomy":"wt_blog_author","embeddable":true,"href":"https:\/\/www.urbanotextil.com.br\/en\/wp-json\/wp\/v2\/wt_blog_author?post=3176"}],"curies":[{"name":"wp","href":"https:\/\/api.w.org\/{rel}","templated":true}]}}